{"id":4296,"date":"2019-11-07T16:39:42","date_gmt":"2019-11-07T15:39:42","guid":{"rendered":"https:\/\/fpsakanalh.educacion.navarra.es\/web\/?p=4296"},"modified":"2019-11-07T17:11:21","modified_gmt":"2019-11-07T16:11:21","slug":"sesion-informativa-erasmus","status":"publish","type":"post","link":"https:\/\/fpsakanalh.educacion.navarra.es\/web\/blog\/2019\/11\/07\/sesion-informativa-erasmus\/","title":{"rendered":"Sesi\u00f3n informativa Erasmus +"},"content":{"rendered":"\n<p>Esta ma\u00f1ana se ha llevado a cabo la sesi\u00f3n informativa sobre el programa Erasmus+ con todo el alumnado de Grado Medio y Grado Superior del instituto. Esperamos haya sido de vuestro inter\u00e9s!<\/p>\n<p><img loading=\"lazy\" class=\"alignnone size-medium wp-image-4292\" src=\"https:\/\/fpsakanalh.educacion.navarra.es\/web\/wp-content\/uploads\/2019\/11\/IMG_20191107_112933-300x225.jpg\" alt=\"\" width=\"300\" height=\"225\" \/> <img loading=\"lazy\" class=\"alignnone size-medium wp-image-4288\" src=\"https:\/\/fpsakanalh.educacion.navarra.es\/web\/wp-content\/uploads\/2019\/11\/IMG_20191107_112941-1-300x225.jpg\" alt=\"\" width=\"300\" height=\"225\" \/> <img loading=\"lazy\" class=\"alignnone size-medium wp-image-4282\" src=\"https:\/\/fpsakanalh.educacion.navarra.es\/web\/wp-content\/uploads\/2019\/11\/IMG_20191107_112957-300x225.jpg\" alt=\"\" width=\"300\" height=\"225\" \/> <img loading=\"lazy\" class=\"alignnone size-medium wp-image-4280\" src=\"https:\/\/fpsakanalh.educacion.navarra.es\/web\/wp-content\/uploads\/2019\/11\/IMG_20191107_113116-300x225.jpg\" alt=\"\" width=\"300\" height=\"225\" \/> <img loading=\"lazy\" class=\"alignnone size-medium wp-image-4278\" src=\"https:\/\/fpsakanalh.educacion.navarra.es\/web\/wp-content\/uploads\/2019\/11\/IMG_20191107_112926-300x225.jpg\" alt=\"\" width=\"300\" height=\"225\" \/>\u00a0 <br \/>\u00a0<\/p>\n","protected":false},"excerpt":{"rendered":"<p>Esta ma\u00f1ana se ha llevado a cabo la sesi\u00f3n informativa sobre el programa Erasmus+ con todo el alumnado de Grado Medio y Grado Superior del instituto. Esperamos haya sido de vuestro inter\u00e9s! \u00a0 \u00a0<\/p>\n","protected":false},"author":5,"featured_media":4282,"comment_status":"open","ping_status":"open","sticky":false,"template":"","format":"standard","meta":{"_et_pb_use_builder":"off","_et_pb_old_content":"","_et_gb_content_width":""},"categories":[64],"tags":[],"yoast_head":"<!-- This site is optimized with the Yoast SEO plugin v19.13 - https:\/\/yoast.com\/wordpress\/plugins\/seo\/ -->\n<title>Sesi\u00f3n informativa Erasmus + - CIP Sakana<\/title>\n<meta name=\"robots\" content=\"index, follow, max-snippet:-1, max-image-preview:large, max-video-preview:-1\" \/>\n<link rel=\"canonical\" href=\"https:\/\/fpsakanalh.educacion.navarra.es\/web\/blog\/2019\/11\/07\/sesion-informativa-erasmus\/\" \/>\n<meta property=\"og:locale\" content=\"es_ES\" \/>\n<meta property=\"og:type\" content=\"article\" \/>\n<meta property=\"og:title\" content=\"Sesi\u00f3n informativa Erasmus + - CIP Sakana\" \/>\n<meta property=\"og:description\" content=\"Esta ma\u00f1ana se ha llevado a cabo la sesi\u00f3n informativa sobre el programa Erasmus+ con todo el alumnado de Grado Medio y Grado Superior del instituto. Esperamos haya sido de vuestro inter\u00e9s! \u00a0 \u00a0\" \/>\n<meta property=\"og:url\" content=\"https:\/\/fpsakanalh.educacion.navarra.es\/web\/blog\/2019\/11\/07\/sesion-informativa-erasmus\/\" \/>\n<meta property=\"og:site_name\" content=\"CIP Sakana\" \/>\n<meta property=\"article:published_time\" content=\"2019-11-07T15:39:42+00:00\" \/>\n<meta property=\"article:modified_time\" content=\"2019-11-07T16:11:21+00:00\" \/>\n<meta property=\"og:image\" content=\"https:\/\/fpsakanalh.educacion.navarra.es\/web\/wp-content\/uploads\/2019\/11\/IMG_20191107_112957.jpg\" \/>\n\t<meta property=\"og:image:width\" content=\"4160\" \/>\n\t<meta property=\"og:image:height\" content=\"3120\" \/>\n\t<meta property=\"og:image:type\" content=\"image\/jpeg\" \/>\n<meta name=\"author\" content=\"jbengoet\" \/>\n<meta name=\"twitter:card\" content=\"summary_large_image\" \/>\n<meta name=\"twitter:label1\" content=\"Escrito por\" \/>\n\t<meta name=\"twitter:data1\" content=\"jbengoet\" \/>\n<script type=\"application\/ld+json\" class=\"yoast-schema-graph\">{\"@context\":\"https:\/\/schema.org\",\"@graph\":[{\"@type\":\"WebPage\",\"@id\":\"https:\/\/fpsakanalh.educacion.navarra.es\/web\/blog\/2019\/11\/07\/sesion-informativa-erasmus\/\",\"url\":\"https:\/\/fpsakanalh.educacion.navarra.es\/web\/blog\/2019\/11\/07\/sesion-informativa-erasmus\/\",\"name\":\"Sesi\u00f3n informativa Erasmus + - CIP Sakana\",\"isPartOf\":{\"@id\":\"https:\/\/fpsakanalh.educacion.navarra.es\/web\/#website\"},\"datePublished\":\"2019-11-07T15:39:42+00:00\",\"dateModified\":\"2019-11-07T16:11:21+00:00\",\"author\":{\"@id\":\"https:\/\/fpsakanalh.educacion.navarra.es\/web\/#\/schema\/person\/810874fbf16b96108fffdcc91cdd7006\"},\"breadcrumb\":{\"@id\":\"https:\/\/fpsakanalh.educacion.navarra.es\/web\/blog\/2019\/11\/07\/sesion-informativa-erasmus\/#breadcrumb\"},\"inLanguage\":\"es\",\"potentialAction\":[{\"@type\":\"ReadAction\",\"target\":[\"https:\/\/fpsakanalh.educacion.navarra.es\/web\/blog\/2019\/11\/07\/sesion-informativa-erasmus\/\"]}]},{\"@type\":\"BreadcrumbList\",\"@id\":\"https:\/\/fpsakanalh.educacion.navarra.es\/web\/blog\/2019\/11\/07\/sesion-informativa-erasmus\/#breadcrumb\",\"itemListElement\":[{\"@type\":\"ListItem\",\"position\":1,\"name\":\"Portada\",\"item\":\"https:\/\/fpsakanalh.educacion.navarra.es\/web\/\"},{\"@type\":\"ListItem\",\"position\":2,\"name\":\"Sesi\u00f3n informativa Erasmus +\"}]},{\"@type\":\"WebSite\",\"@id\":\"https:\/\/fpsakanalh.educacion.navarra.es\/web\/#website\",\"url\":\"https:\/\/fpsakanalh.educacion.navarra.es\/web\/\",\"name\":\"CIP Sakana\",\"description\":\"Sitio web del CIP Sakana\",\"potentialAction\":[{\"@type\":\"SearchAction\",\"target\":{\"@type\":\"EntryPoint\",\"urlTemplate\":\"https:\/\/fpsakanalh.educacion.navarra.es\/web\/?s={search_term_string}\"},\"query-input\":\"required name=search_term_string\"}],\"inLanguage\":\"es\"},{\"@type\":\"Person\",\"@id\":\"https:\/\/fpsakanalh.educacion.navarra.es\/web\/#\/schema\/person\/810874fbf16b96108fffdcc91cdd7006\",\"name\":\"jbengoet\",\"image\":{\"@type\":\"ImageObject\",\"inLanguage\":\"es\",\"@id\":\"https:\/\/fpsakanalh.educacion.navarra.es\/web\/#\/schema\/person\/image\/\",\"url\":\"https:\/\/secure.gravatar.com\/avatar\/a356471e988590621cdaa657cee4d24b?s=96&d=identicon&r=g\",\"contentUrl\":\"https:\/\/secure.gravatar.com\/avatar\/a356471e988590621cdaa657cee4d24b?s=96&d=identicon&r=g\",\"caption\":\"jbengoet\"},\"url\":\"https:\/\/fpsakanalh.educacion.navarra.es\/web\/blog\/author\/jbengoet\/\"}]}<\/script>\n<!-- \/ Yoast SEO plugin. -->","yoast_head_json":{"title":"Sesi\u00f3n informativa Erasmus + - CIP Sakana","robots":{"index":"index","follow":"follow","max-snippet":"max-snippet:-1","max-image-preview":"max-image-preview:large","max-video-preview":"max-video-preview:-1"},"canonical":"https:\/\/fpsakanalh.educacion.navarra.es\/web\/blog\/2019\/11\/07\/sesion-informativa-erasmus\/","og_locale":"es_ES","og_type":"article","og_title":"Sesi\u00f3n informativa Erasmus + - CIP Sakana","og_description":"Esta ma\u00f1ana se ha llevado a cabo la sesi\u00f3n informativa sobre el programa Erasmus+ con todo el alumnado de Grado Medio y Grado Superior del instituto. Esperamos haya sido de vuestro inter\u00e9s! \u00a0 \u00a0","og_url":"https:\/\/fpsakanalh.educacion.navarra.es\/web\/blog\/2019\/11\/07\/sesion-informativa-erasmus\/","og_site_name":"CIP Sakana","article_published_time":"2019-11-07T15:39:42+00:00","article_modified_time":"2019-11-07T16:11:21+00:00","og_image":[{"width":4160,"height":3120,"url":"https:\/\/fpsakanalh.educacion.navarra.es\/web\/wp-content\/uploads\/2019\/11\/IMG_20191107_112957.jpg","type":"image\/jpeg"}],"author":"jbengoet","twitter_card":"summary_large_image","twitter_misc":{"Escrito por":"jbengoet"},"schema":{"@context":"https:\/\/schema.org","@graph":[{"@type":"WebPage","@id":"https:\/\/fpsakanalh.educacion.navarra.es\/web\/blog\/2019\/11\/07\/sesion-informativa-erasmus\/","url":"https:\/\/fpsakanalh.educacion.navarra.es\/web\/blog\/2019\/11\/07\/sesion-informativa-erasmus\/","name":"Sesi\u00f3n informativa Erasmus + - CIP Sakana","isPartOf":{"@id":"https:\/\/fpsakanalh.educacion.navarra.es\/web\/#website"},"datePublished":"2019-11-07T15:39:42+00:00","dateModified":"2019-11-07T16:11:21+00:00","author":{"@id":"https:\/\/fpsakanalh.educacion.navarra.es\/web\/#\/schema\/person\/810874fbf16b96108fffdcc91cdd7006"},"breadcrumb":{"@id":"https:\/\/fpsakanalh.educacion.navarra.es\/web\/blog\/2019\/11\/07\/sesion-informativa-erasmus\/#breadcrumb"},"inLanguage":"es","potentialAction":[{"@type":"ReadAction","target":["https:\/\/fpsakanalh.educacion.navarra.es\/web\/blog\/2019\/11\/07\/sesion-informativa-erasmus\/"]}]},{"@type":"BreadcrumbList","@id":"https:\/\/fpsakanalh.educacion.navarra.es\/web\/blog\/2019\/11\/07\/sesion-informativa-erasmus\/#breadcrumb","itemListElement":[{"@type":"ListItem","position":1,"name":"Portada","item":"https:\/\/fpsakanalh.educacion.navarra.es\/web\/"},{"@type":"ListItem","position":2,"name":"Sesi\u00f3n informativa Erasmus +"}]},{"@type":"WebSite","@id":"https:\/\/fpsakanalh.educacion.navarra.es\/web\/#website","url":"https:\/\/fpsakanalh.educacion.navarra.es\/web\/","name":"CIP Sakana","description":"Sitio web del CIP Sakana","potentialAction":[{"@type":"SearchAction","target":{"@type":"EntryPoint","urlTemplate":"https:\/\/fpsakanalh.educacion.navarra.es\/web\/?s={search_term_string}"},"query-input":"required name=search_term_string"}],"inLanguage":"es"},{"@type":"Person","@id":"https:\/\/fpsakanalh.educacion.navarra.es\/web\/#\/schema\/person\/810874fbf16b96108fffdcc91cdd7006","name":"jbengoet","image":{"@type":"ImageObject","inLanguage":"es","@id":"https:\/\/fpsakanalh.educacion.navarra.es\/web\/#\/schema\/person\/image\/","url":"https:\/\/secure.gravatar.com\/avatar\/a356471e988590621cdaa657cee4d24b?s=96&d=identicon&r=g","contentUrl":"https:\/\/secure.gravatar.com\/avatar\/a356471e988590621cdaa657cee4d24b?s=96&d=identicon&r=g","caption":"jbengoet"},"url":"https:\/\/fpsakanalh.educacion.navarra.es\/web\/blog\/author\/jbengoet\/"}]}},"_links":{"self":[{"href":"https:\/\/fpsakanalh.educacion.navarra.es\/web\/wp-json\/wp\/v2\/posts\/4296"}],"collection":[{"href":"https:\/\/fpsakanalh.educacion.navarra.es\/web\/wp-json\/wp\/v2\/posts"}],"about":[{"href":"https:\/\/fpsakanalh.educacion.navarra.es\/web\/wp-json\/wp\/v2\/types\/post"}],"author":[{"embeddable":true,"href":"https:\/\/fpsakanalh.educacion.navarra.es\/web\/wp-json\/wp\/v2\/users\/5"}],"replies":[{"embeddable":true,"href":"https:\/\/fpsakanalh.educacion.navarra.es\/web\/wp-json\/wp\/v2\/comments?post=4296"}],"version-history":[{"count":4,"href":"https:\/\/fpsakanalh.educacion.navarra.es\/web\/wp-json\/wp\/v2\/posts\/4296\/revisions"}],"predecessor-version":[{"id":4319,"href":"https:\/\/fpsakanalh.educacion.navarra.es\/web\/wp-json\/wp\/v2\/posts\/4296\/revisions\/4319"}],"wp:featuredmedia":[{"embeddable":true,"href":"https:\/\/fpsakanalh.educacion.navarra.es\/web\/wp-json\/wp\/v2\/media\/4282"}],"wp:attachment":[{"href":"https:\/\/fpsakanalh.educacion.navarra.es\/web\/wp-json\/wp\/v2\/media?parent=4296"}],"wp:term":[{"taxonomy":"category","embeddable":true,"href":"https:\/\/fpsakanalh.educacion.navarra.es\/web\/wp-json\/wp\/v2\/categories?post=4296"},{"taxonomy":"post_tag","embeddable":true,"href":"https:\/\/fpsakanalh.educacion.navarra.es\/web\/wp-json\/wp\/v2\/tags?post=4296"}],"curies":[{"name":"wp","href":"https:\/\/api.w.org\/{rel}","templated":true}]}}